{"id":2172,"date":"2025-11-24T12:55:39","date_gmt":"2025-11-24T12:55:39","guid":{"rendered":"https:\/\/watchsalesacademy.ch\/feierliche-verleihung-der-eidgenoessischen-fachausweise-als-kundenberater-im-uhrenverkauf-am-20-11-2025\/"},"modified":"2025-11-24T12:55:39","modified_gmt":"2025-11-24T12:55:39","slug":"feierliche-verleihung-der-eidgenoessischen-fachausweise-als-kundenberater-im-uhrenverkauf-am-20-11-2025","status":"publish","type":"post","link":"https:\/\/watchsalesacademy.ch\/de\/feierliche-verleihung-der-eidgenoessischen-fachausweise-als-kundenberater-im-uhrenverkauf-am-20-11-2025\/","title":{"rendered":"Feierliche Verleihung der eidgen\u00f6ssischen Fachausweise als Kundenberater im Uhrenverkauf am 20.11.2025"},"content":{"rendered":"<div>\n<p>Die Verleihung des eidgen\u00f6ssischen Fachausweises als Kundenberater im Uhrenverkauf fand am 20. November 2025 im Beau-Rivage Hotel in Neuenburg statt. Zehn neue Absolventen aus verschiedenen Schweizer Kantonen wurden im Rahmen dieser Feier geehrt. <\/p>\n<\/div>\n<div>\n<p>&nbsp;<\/p>\n<p>Fran\u00e7ois Thi\u00e9baud, Pr\u00e4sident der AMS, gratulierte den Absolventen und betonte die Bedeutung dieser Qualifikation f\u00fcr die Uhrenbranche. Heinz Forrer, Vizepr\u00e4sident der AMS, \u00fcberreichte anschlie\u00dfend offiziell die Diplome an die zehn Absolventen, die zwischen 2023 und 2025 die Ausbildung der Watch Sales Academy auf Franz\u00f6sisch oder Deutsch absolviert hatten. <\/p>\n<\/div>\n<div>\n<p>&nbsp;<\/p>\n<p>Die Watch Sales Academy gratuliert den neuen Inhabern des eidgen\u00f6ssischen Fachausweises zu ihrer hervorragenden Leistung. Sie betont, dass ihr Ausbildungsprogramm eine Referenz f\u00fcr die Entwicklung beruflicher Kompetenzen im Bereich des Uhrenverkaufs darstellt. Sie bedankt sich auch beim AMS-Rat f\u00fcr sein Engagement und die Organisation der Verleihung der eidgen\u00f6ssischen Fachausweise 2025.  <\/p>\n<\/div>\n","protected":false},"excerpt":{"rendered":"<p>Die Verleihung des eidgen\u00f6ssischen Fachausweises als Kundenberater im Uhrenverkauf fand am 20. November 2025 im Beau-Rivage Hotel in Neuenburg statt. Zehn neue Absolventen aus verschiedenen Schweizer Kantonen wurden im Rahmen dieser Feier geehrt. &nbsp; Fran\u00e7ois Thi\u00e9baud, Pr\u00e4sident der AMS, gratulierte den Absolventen und betonte die Bedeutung dieser Qualifikation f\u00fcr die Uhrenbranche. Heinz Forrer, Vizepr\u00e4sident der [&hellip;]<\/p>\n","protected":false},"author":1,"featured_media":2167,"comment_status":"open","ping_status":"open","sticky":false,"template":"","format":"standard","meta":{"_acf_changed":false,"footnotes":""},"categories":[24],"tags":[],"class_list":["post-2172","post","type-post","status-publish","format-standard","has-post-thumbnail","hentry","category-news"],"acf":[],"yoast_head":"<!-- This site is optimized with the Yoast SEO plugin v27.1.1 - https:\/\/yoast.com\/product\/yoast-seo-wordpress\/ -->\n<title>Feierliche Verleihung der eidgen\u00f6ssischen Fachausweise als Kundenberater im Uhrenverkauf am 20.11.2025 - Watch Sales Academy<\/title>\n<meta name=\"robots\" content=\"index, follow, max-snippet:-1, max-image-preview:large, max-video-preview:-1\" \/>\n<link rel=\"canonical\" href=\"https:\/\/watchsalesacademy.ch\/de\/feierliche-verleihung-der-eidgenoessischen-fachausweise-als-kundenberater-im-uhrenverkauf-am-20-11-2025\/\" \/>\n<meta property=\"og:locale\" content=\"de_DE\" \/>\n<meta property=\"og:type\" content=\"article\" \/>\n<meta property=\"og:title\" content=\"Feierliche Verleihung der eidgen\u00f6ssischen Fachausweise als Kundenberater im Uhrenverkauf am 20.11.2025 - Watch Sales Academy\" \/>\n<meta property=\"og:description\" content=\"Die Verleihung des eidgen\u00f6ssischen Fachausweises als Kundenberater im Uhrenverkauf fand am 20. November 2025 im Beau-Rivage Hotel in Neuenburg statt. Zehn neue Absolventen aus verschiedenen Schweizer Kantonen wurden im Rahmen dieser Feier geehrt. &nbsp; Fran\u00e7ois Thi\u00e9baud, Pr\u00e4sident der AMS, gratulierte den Absolventen und betonte die Bedeutung dieser Qualifikation f\u00fcr die Uhrenbranche. Heinz Forrer, Vizepr\u00e4sident der [&hellip;]\" \/>\n<meta property=\"og:url\" content=\"https:\/\/watchsalesacademy.ch\/de\/feierliche-verleihung-der-eidgenoessischen-fachausweise-als-kundenberater-im-uhrenverkauf-am-20-11-2025\/\" \/>\n<meta property=\"og:site_name\" content=\"Watch Sales Academy\" \/>\n<meta property=\"article:published_time\" content=\"2025-11-24T12:55:39+00:00\" \/>\n<meta property=\"og:image\" content=\"https:\/\/watchsalesacademy.ch\/wp-content\/uploads\/2025\/11\/SYV_8796-20.11.2025-scaled.jpg\" \/>\n\t<meta property=\"og:image:width\" content=\"2560\" \/>\n\t<meta property=\"og:image:height\" content=\"1707\" \/>\n\t<meta property=\"og:image:type\" content=\"image\/jpeg\" \/>\n<meta name=\"author\" content=\"WSA\" \/>\n<meta name=\"twitter:card\" content=\"summary_large_image\" \/>\n<meta name=\"twitter:label1\" content=\"Verfasst von\" \/>\n\t<meta name=\"twitter:data1\" content=\"WSA\" \/>\n\t<meta name=\"twitter:label2\" content=\"Gesch\u00e4tzte Lesezeit\" \/>\n\t<meta name=\"twitter:data2\" content=\"1\u00a0Minute\" \/>\n<script type=\"application\/ld+json\" class=\"yoast-schema-graph\">{\"@context\":\"https:\/\/schema.org\",\"@graph\":[{\"@type\":\"Article\",\"@id\":\"https:\/\/watchsalesacademy.ch\/de\/feierliche-verleihung-der-eidgenoessischen-fachausweise-als-kundenberater-im-uhrenverkauf-am-20-11-2025\/#article\",\"isPartOf\":{\"@id\":\"https:\/\/watchsalesacademy.ch\/de\/feierliche-verleihung-der-eidgenoessischen-fachausweise-als-kundenberater-im-uhrenverkauf-am-20-11-2025\/\"},\"author\":{\"name\":\"WSA\",\"@id\":\"https:\/\/watchsalesacademy.ch\/#\/schema\/person\/b5cdec2c4a184c3397ea13ff2002b279\"},\"headline\":\"Feierliche Verleihung der eidgen\u00f6ssischen Fachausweise als Kundenberater im Uhrenverkauf am 20.11.2025\",\"datePublished\":\"2025-11-24T12:55:39+00:00\",\"mainEntityOfPage\":{\"@id\":\"https:\/\/watchsalesacademy.ch\/de\/feierliche-verleihung-der-eidgenoessischen-fachausweise-als-kundenberater-im-uhrenverkauf-am-20-11-2025\/\"},\"wordCount\":151,\"commentCount\":0,\"publisher\":{\"@id\":\"https:\/\/watchsalesacademy.ch\/#organization\"},\"image\":{\"@id\":\"https:\/\/watchsalesacademy.ch\/de\/feierliche-verleihung-der-eidgenoessischen-fachausweise-als-kundenberater-im-uhrenverkauf-am-20-11-2025\/#primaryimage\"},\"thumbnailUrl\":\"https:\/\/watchsalesacademy.ch\/wp-content\/uploads\/2025\/11\/SYV_8796-20.11.2025-scaled.jpg\",\"articleSection\":[\"News\"],\"inLanguage\":\"de\",\"potentialAction\":[{\"@type\":\"CommentAction\",\"name\":\"Comment\",\"target\":[\"https:\/\/watchsalesacademy.ch\/de\/feierliche-verleihung-der-eidgenoessischen-fachausweise-als-kundenberater-im-uhrenverkauf-am-20-11-2025\/#respond\"]}]},{\"@type\":\"WebPage\",\"@id\":\"https:\/\/watchsalesacademy.ch\/de\/feierliche-verleihung-der-eidgenoessischen-fachausweise-als-kundenberater-im-uhrenverkauf-am-20-11-2025\/\",\"url\":\"https:\/\/watchsalesacademy.ch\/de\/feierliche-verleihung-der-eidgenoessischen-fachausweise-als-kundenberater-im-uhrenverkauf-am-20-11-2025\/\",\"name\":\"Feierliche Verleihung der eidgen\u00f6ssischen Fachausweise als Kundenberater im Uhrenverkauf am 20.11.2025 - Watch Sales Academy\",\"isPartOf\":{\"@id\":\"https:\/\/watchsalesacademy.ch\/#website\"},\"primaryImageOfPage\":{\"@id\":\"https:\/\/watchsalesacademy.ch\/de\/feierliche-verleihung-der-eidgenoessischen-fachausweise-als-kundenberater-im-uhrenverkauf-am-20-11-2025\/#primaryimage\"},\"image\":{\"@id\":\"https:\/\/watchsalesacademy.ch\/de\/feierliche-verleihung-der-eidgenoessischen-fachausweise-als-kundenberater-im-uhrenverkauf-am-20-11-2025\/#primaryimage\"},\"thumbnailUrl\":\"https:\/\/watchsalesacademy.ch\/wp-content\/uploads\/2025\/11\/SYV_8796-20.11.2025-scaled.jpg\",\"datePublished\":\"2025-11-24T12:55:39+00:00\",\"breadcrumb\":{\"@id\":\"https:\/\/watchsalesacademy.ch\/de\/feierliche-verleihung-der-eidgenoessischen-fachausweise-als-kundenberater-im-uhrenverkauf-am-20-11-2025\/#breadcrumb\"},\"inLanguage\":\"de\",\"potentialAction\":[{\"@type\":\"ReadAction\",\"target\":[\"https:\/\/watchsalesacademy.ch\/de\/feierliche-verleihung-der-eidgenoessischen-fachausweise-als-kundenberater-im-uhrenverkauf-am-20-11-2025\/\"]}]},{\"@type\":\"ImageObject\",\"inLanguage\":\"de\",\"@id\":\"https:\/\/watchsalesacademy.ch\/de\/feierliche-verleihung-der-eidgenoessischen-fachausweise-als-kundenberater-im-uhrenverkauf-am-20-11-2025\/#primaryimage\",\"url\":\"https:\/\/watchsalesacademy.ch\/wp-content\/uploads\/2025\/11\/SYV_8796-20.11.2025-scaled.jpg\",\"contentUrl\":\"https:\/\/watchsalesacademy.ch\/wp-content\/uploads\/2025\/11\/SYV_8796-20.11.2025-scaled.jpg\",\"width\":2560,\"height\":1707},{\"@type\":\"BreadcrumbList\",\"@id\":\"https:\/\/watchsalesacademy.ch\/de\/feierliche-verleihung-der-eidgenoessischen-fachausweise-als-kundenberater-im-uhrenverkauf-am-20-11-2025\/#breadcrumb\",\"itemListElement\":[{\"@type\":\"ListItem\",\"position\":1,\"name\":\"Accueil\",\"item\":\"https:\/\/watchsalesacademy.ch\/de\/home-2\/\"},{\"@type\":\"ListItem\",\"position\":2,\"name\":\"Feierliche Verleihung der eidgen\u00f6ssischen Fachausweise als Kundenberater im Uhrenverkauf am 20.11.2025\"}]},{\"@type\":\"WebSite\",\"@id\":\"https:\/\/watchsalesacademy.ch\/#website\",\"url\":\"https:\/\/watchsalesacademy.ch\/\",\"name\":\"Watch Sales Academy\",\"description\":\"\",\"publisher\":{\"@id\":\"https:\/\/watchsalesacademy.ch\/#organization\"},\"potentialAction\":[{\"@type\":\"SearchAction\",\"target\":{\"@type\":\"EntryPoint\",\"urlTemplate\":\"https:\/\/watchsalesacademy.ch\/?s={search_term_string}\"},\"query-input\":{\"@type\":\"PropertyValueSpecification\",\"valueRequired\":true,\"valueName\":\"search_term_string\"}}],\"inLanguage\":\"de\"},{\"@type\":\"Organization\",\"@id\":\"https:\/\/watchsalesacademy.ch\/#organization\",\"name\":\"Watch Sales Academy\",\"url\":\"https:\/\/watchsalesacademy.ch\/\",\"logo\":{\"@type\":\"ImageObject\",\"inLanguage\":\"de\",\"@id\":\"https:\/\/watchsalesacademy.ch\/#\/schema\/logo\/image\/\",\"url\":\"https:\/\/watchsalesacademy.ch\/wp-content\/uploads\/2025\/01\/logo-wsa.png\",\"contentUrl\":\"https:\/\/watchsalesacademy.ch\/wp-content\/uploads\/2025\/01\/logo-wsa.png\",\"width\":1123,\"height\":338,\"caption\":\"Watch Sales Academy\"},\"image\":{\"@id\":\"https:\/\/watchsalesacademy.ch\/#\/schema\/logo\/image\/\"},\"sameAs\":[\"https:\/\/ch.linkedin.com\/school\/watch-sales-academy\/\"]},{\"@type\":\"Person\",\"@id\":\"https:\/\/watchsalesacademy.ch\/#\/schema\/person\/b5cdec2c4a184c3397ea13ff2002b279\",\"name\":\"WSA\",\"image\":{\"@type\":\"ImageObject\",\"inLanguage\":\"de\",\"@id\":\"https:\/\/watchsalesacademy.ch\/#\/schema\/person\/image\/\",\"url\":\"https:\/\/secure.gravatar.com\/avatar\/77b1c75d942c1d062a9d2337572375d6877b04ade67f3636d55aae43777b2e0d?s=96&d=mm&r=g\",\"contentUrl\":\"https:\/\/secure.gravatar.com\/avatar\/77b1c75d942c1d062a9d2337572375d6877b04ade67f3636d55aae43777b2e0d?s=96&d=mm&r=g\",\"caption\":\"WSA\"},\"sameAs\":[\"https:\/\/v2.watchsalesacademy.ch\"],\"url\":\"https:\/\/watchsalesacademy.ch\/de\/author\/wsa\/\"}]}<\/script>\n<!-- \/ Yoast SEO plugin. -->","yoast_head_json":{"title":"Feierliche Verleihung der eidgen\u00f6ssischen Fachausweise als Kundenberater im Uhrenverkauf am 20.11.2025 - Watch Sales Academy","robots":{"index":"index","follow":"follow","max-snippet":"max-snippet:-1","max-image-preview":"max-image-preview:large","max-video-preview":"max-video-preview:-1"},"canonical":"https:\/\/watchsalesacademy.ch\/de\/feierliche-verleihung-der-eidgenoessischen-fachausweise-als-kundenberater-im-uhrenverkauf-am-20-11-2025\/","og_locale":"de_DE","og_type":"article","og_title":"Feierliche Verleihung der eidgen\u00f6ssischen Fachausweise als Kundenberater im Uhrenverkauf am 20.11.2025 - Watch Sales Academy","og_description":"Die Verleihung des eidgen\u00f6ssischen Fachausweises als Kundenberater im Uhrenverkauf fand am 20. November 2025 im Beau-Rivage Hotel in Neuenburg statt. Zehn neue Absolventen aus verschiedenen Schweizer Kantonen wurden im Rahmen dieser Feier geehrt. &nbsp; Fran\u00e7ois Thi\u00e9baud, Pr\u00e4sident der AMS, gratulierte den Absolventen und betonte die Bedeutung dieser Qualifikation f\u00fcr die Uhrenbranche. Heinz Forrer, Vizepr\u00e4sident der [&hellip;]","og_url":"https:\/\/watchsalesacademy.ch\/de\/feierliche-verleihung-der-eidgenoessischen-fachausweise-als-kundenberater-im-uhrenverkauf-am-20-11-2025\/","og_site_name":"Watch Sales Academy","article_published_time":"2025-11-24T12:55:39+00:00","og_image":[{"width":2560,"height":1707,"url":"https:\/\/watchsalesacademy.ch\/wp-content\/uploads\/2025\/11\/SYV_8796-20.11.2025-scaled.jpg","type":"image\/jpeg"}],"author":"WSA","twitter_card":"summary_large_image","twitter_misc":{"Verfasst von":"WSA","Gesch\u00e4tzte Lesezeit":"1\u00a0Minute"},"schema":{"@context":"https:\/\/schema.org","@graph":[{"@type":"Article","@id":"https:\/\/watchsalesacademy.ch\/de\/feierliche-verleihung-der-eidgenoessischen-fachausweise-als-kundenberater-im-uhrenverkauf-am-20-11-2025\/#article","isPartOf":{"@id":"https:\/\/watchsalesacademy.ch\/de\/feierliche-verleihung-der-eidgenoessischen-fachausweise-als-kundenberater-im-uhrenverkauf-am-20-11-2025\/"},"author":{"name":"WSA","@id":"https:\/\/watchsalesacademy.ch\/#\/schema\/person\/b5cdec2c4a184c3397ea13ff2002b279"},"headline":"Feierliche Verleihung der eidgen\u00f6ssischen Fachausweise als Kundenberater im Uhrenverkauf am 20.11.2025","datePublished":"2025-11-24T12:55:39+00:00","mainEntityOfPage":{"@id":"https:\/\/watchsalesacademy.ch\/de\/feierliche-verleihung-der-eidgenoessischen-fachausweise-als-kundenberater-im-uhrenverkauf-am-20-11-2025\/"},"wordCount":151,"commentCount":0,"publisher":{"@id":"https:\/\/watchsalesacademy.ch\/#organization"},"image":{"@id":"https:\/\/watchsalesacademy.ch\/de\/feierliche-verleihung-der-eidgenoessischen-fachausweise-als-kundenberater-im-uhrenverkauf-am-20-11-2025\/#primaryimage"},"thumbnailUrl":"https:\/\/watchsalesacademy.ch\/wp-content\/uploads\/2025\/11\/SYV_8796-20.11.2025-scaled.jpg","articleSection":["News"],"inLanguage":"de","potentialAction":[{"@type":"CommentAction","name":"Comment","target":["https:\/\/watchsalesacademy.ch\/de\/feierliche-verleihung-der-eidgenoessischen-fachausweise-als-kundenberater-im-uhrenverkauf-am-20-11-2025\/#respond"]}]},{"@type":"WebPage","@id":"https:\/\/watchsalesacademy.ch\/de\/feierliche-verleihung-der-eidgenoessischen-fachausweise-als-kundenberater-im-uhrenverkauf-am-20-11-2025\/","url":"https:\/\/watchsalesacademy.ch\/de\/feierliche-verleihung-der-eidgenoessischen-fachausweise-als-kundenberater-im-uhrenverkauf-am-20-11-2025\/","name":"Feierliche Verleihung der eidgen\u00f6ssischen Fachausweise als Kundenberater im Uhrenverkauf am 20.11.2025 - Watch Sales Academy","isPartOf":{"@id":"https:\/\/watchsalesacademy.ch\/#website"},"primaryImageOfPage":{"@id":"https:\/\/watchsalesacademy.ch\/de\/feierliche-verleihung-der-eidgenoessischen-fachausweise-als-kundenberater-im-uhrenverkauf-am-20-11-2025\/#primaryimage"},"image":{"@id":"https:\/\/watchsalesacademy.ch\/de\/feierliche-verleihung-der-eidgenoessischen-fachausweise-als-kundenberater-im-uhrenverkauf-am-20-11-2025\/#primaryimage"},"thumbnailUrl":"https:\/\/watchsalesacademy.ch\/wp-content\/uploads\/2025\/11\/SYV_8796-20.11.2025-scaled.jpg","datePublished":"2025-11-24T12:55:39+00:00","breadcrumb":{"@id":"https:\/\/watchsalesacademy.ch\/de\/feierliche-verleihung-der-eidgenoessischen-fachausweise-als-kundenberater-im-uhrenverkauf-am-20-11-2025\/#breadcrumb"},"inLanguage":"de","potentialAction":[{"@type":"ReadAction","target":["https:\/\/watchsalesacademy.ch\/de\/feierliche-verleihung-der-eidgenoessischen-fachausweise-als-kundenberater-im-uhrenverkauf-am-20-11-2025\/"]}]},{"@type":"ImageObject","inLanguage":"de","@id":"https:\/\/watchsalesacademy.ch\/de\/feierliche-verleihung-der-eidgenoessischen-fachausweise-als-kundenberater-im-uhrenverkauf-am-20-11-2025\/#primaryimage","url":"https:\/\/watchsalesacademy.ch\/wp-content\/uploads\/2025\/11\/SYV_8796-20.11.2025-scaled.jpg","contentUrl":"https:\/\/watchsalesacademy.ch\/wp-content\/uploads\/2025\/11\/SYV_8796-20.11.2025-scaled.jpg","width":2560,"height":1707},{"@type":"BreadcrumbList","@id":"https:\/\/watchsalesacademy.ch\/de\/feierliche-verleihung-der-eidgenoessischen-fachausweise-als-kundenberater-im-uhrenverkauf-am-20-11-2025\/#breadcrumb","itemListElement":[{"@type":"ListItem","position":1,"name":"Accueil","item":"https:\/\/watchsalesacademy.ch\/de\/home-2\/"},{"@type":"ListItem","position":2,"name":"Feierliche Verleihung der eidgen\u00f6ssischen Fachausweise als Kundenberater im Uhrenverkauf am 20.11.2025"}]},{"@type":"WebSite","@id":"https:\/\/watchsalesacademy.ch\/#website","url":"https:\/\/watchsalesacademy.ch\/","name":"Watch Sales Academy","description":"","publisher":{"@id":"https:\/\/watchsalesacademy.ch\/#organization"},"potentialAction":[{"@type":"SearchAction","target":{"@type":"EntryPoint","urlTemplate":"https:\/\/watchsalesacademy.ch\/?s={search_term_string}"},"query-input":{"@type":"PropertyValueSpecification","valueRequired":true,"valueName":"search_term_string"}}],"inLanguage":"de"},{"@type":"Organization","@id":"https:\/\/watchsalesacademy.ch\/#organization","name":"Watch Sales Academy","url":"https:\/\/watchsalesacademy.ch\/","logo":{"@type":"ImageObject","inLanguage":"de","@id":"https:\/\/watchsalesacademy.ch\/#\/schema\/logo\/image\/","url":"https:\/\/watchsalesacademy.ch\/wp-content\/uploads\/2025\/01\/logo-wsa.png","contentUrl":"https:\/\/watchsalesacademy.ch\/wp-content\/uploads\/2025\/01\/logo-wsa.png","width":1123,"height":338,"caption":"Watch Sales Academy"},"image":{"@id":"https:\/\/watchsalesacademy.ch\/#\/schema\/logo\/image\/"},"sameAs":["https:\/\/ch.linkedin.com\/school\/watch-sales-academy\/"]},{"@type":"Person","@id":"https:\/\/watchsalesacademy.ch\/#\/schema\/person\/b5cdec2c4a184c3397ea13ff2002b279","name":"WSA","image":{"@type":"ImageObject","inLanguage":"de","@id":"https:\/\/watchsalesacademy.ch\/#\/schema\/person\/image\/","url":"https:\/\/secure.gravatar.com\/avatar\/77b1c75d942c1d062a9d2337572375d6877b04ade67f3636d55aae43777b2e0d?s=96&d=mm&r=g","contentUrl":"https:\/\/secure.gravatar.com\/avatar\/77b1c75d942c1d062a9d2337572375d6877b04ade67f3636d55aae43777b2e0d?s=96&d=mm&r=g","caption":"WSA"},"sameAs":["https:\/\/v2.watchsalesacademy.ch"],"url":"https:\/\/watchsalesacademy.ch\/de\/author\/wsa\/"}]}},"_links":{"self":[{"href":"https:\/\/watchsalesacademy.ch\/de\/wp-json\/wp\/v2\/posts\/2172","targetHints":{"allow":["GET"]}}],"collection":[{"href":"https:\/\/watchsalesacademy.ch\/de\/wp-json\/wp\/v2\/posts"}],"about":[{"href":"https:\/\/watchsalesacademy.ch\/de\/wp-json\/wp\/v2\/types\/post"}],"author":[{"embeddable":true,"href":"https:\/\/watchsalesacademy.ch\/de\/wp-json\/wp\/v2\/users\/1"}],"replies":[{"embeddable":true,"href":"https:\/\/watchsalesacademy.ch\/de\/wp-json\/wp\/v2\/comments?post=2172"}],"version-history":[{"count":0,"href":"https:\/\/watchsalesacademy.ch\/de\/wp-json\/wp\/v2\/posts\/2172\/revisions"}],"wp:featuredmedia":[{"embeddable":true,"href":"https:\/\/watchsalesacademy.ch\/de\/wp-json\/wp\/v2\/media\/2167"}],"wp:attachment":[{"href":"https:\/\/watchsalesacademy.ch\/de\/wp-json\/wp\/v2\/media?parent=2172"}],"wp:term":[{"taxonomy":"category","embeddable":true,"href":"https:\/\/watchsalesacademy.ch\/de\/wp-json\/wp\/v2\/categories?post=2172"},{"taxonomy":"post_tag","embeddable":true,"href":"https:\/\/watchsalesacademy.ch\/de\/wp-json\/wp\/v2\/tags?post=2172"}],"curies":[{"name":"wp","href":"https:\/\/api.w.org\/{rel}","templated":true}]}}